{"id":1032,"date":"2022-07-04T12:40:28","date_gmt":"2022-07-04T15:40:28","guid":{"rendered":"http:\/\/10.101.10.196\/sp\/?p=1032"},"modified":"2022-07-04T13:11:40","modified_gmt":"2022-07-04T16:11:40","slug":"capacitacion-para-la-autoevaluacion","status":"publish","type":"post","link":"https:\/\/sp.fica.unsl.edu.ar\/index.php\/capacitacion-para-la-autoevaluacion\/","title":{"rendered":"Capacitaci\u00f3n para Autoevaluaci\u00f3n"},"content":{"rendered":"\n<p><\/p>\n\n\n\n<p class=\"has-text-align-justify\">La Comisi\u00f3n Nacional de Evaluaci\u00f3n y Acreditaci\u00f3n Universitaria (CONEAU) ha desarrollado una capacitaci\u00f3n virtual asincr\u00f3nica, de acceso abierto, que brindar\u00e1 informaci\u00f3n relativa al proceso de autoevaluaci\u00f3n de carreras de grado.<\/p>\n\n\n\n<p>La capacitaci\u00f3n se encuentra disponible en el sitio web del organismo y comprende una serie de videos explicativos sobre las siguientes tem\u00e1ticas:<\/p>\n\n\n\n<ul class=\"wp-block-list\"><li>Procedimientos para la acreditaci\u00f3n de carreras de grado<\/li><li>Resoluciones ministeriales de est\u00e1ndares<\/li><li>La carga del CONEAU Global<\/li><li>Aspectos a tener en cuenta para la presentaci\u00f3n<\/li><li>ARCU-SUR. Acreditaci\u00f3n regional de carreras universitarias en el Mercosur<\/li><\/ul>\n\n\n\n<p>Ingresar en el siguiente link para acceder a la capacitaci\u00f3n.<\/p>\n\n\n\n<div class=\"wp-block-buttons is-layout-flex wp-block-buttons-is-layout-flex\">\n<div class=\"wp-block-button aligncenter\"><a class=\"wp-block-button__link\" href=\"https:\/\/www.coneau.gob.ar\/coneau\/acreditacion-de-carreras\/carreras-de-grado\/capacitacion-para-la-autoevaluacion\/?utm_source=email_marketing&amp;utm_admin=138887&amp;utm_medium=email&amp;utm_campaign=Capacitacin_para_la_autoevaluacin_de_carreras_de_grado\" target=\"_blank\" rel=\"noreferrer noopener\">Capacitaci\u00f3n CONEAU<\/a><\/div>\n<\/div>\n","protected":false},"excerpt":{"rendered":"<p>La Comisi\u00f3n Nacional de Evaluaci\u00f3n y Acreditaci\u00f3n Universitaria (CONEAU) ha desarrollado una capacitaci\u00f3n virtual asincr\u00f3nica, de acceso abierto, que brindar\u00e1 informaci\u00f3n relativa al proceso de autoevaluaci\u00f3n de carreras de grado.<\/p>\n","protected":false},"author":4,"featured_media":1033,"comment_status":"closed","ping_status":"closed","sticky":false,"template":"","format":"standard","meta":{"_monsterinsights_skip_tracking":false,"_monsterinsights_sitenote_active":false,"_monsterinsights_sitenote_note":"","_monsterinsights_sitenote_category":0,"footnotes":""},"categories":[1],"tags":[6,8,9,7],"class_list":["post-1032","post","type-post","status-publish","format-standard","has-post-thumbnail","hentry","category-novedades","tag-acreditacion","tag-autoevaluacion","tag-coneau","tag-grado"],"yoast_head":"<!-- This site is optimized with the Yoast SEO plugin v27.0 - https:\/\/yoast.com\/product\/yoast-seo-wordpress\/ -->\n<title>Capacitaci\u00f3n para Autoevaluaci\u00f3n - SP<\/title>\n<meta name=\"description\" content=\"La Comisi\u00f3n Nacional de Evaluaci\u00f3n y Acreditaci\u00f3n Universitaria (CONEAU) ha desarrollado una capacitaci\u00f3n virtual asincr\u00f3nica, de acceso abierto, que brindar\u00e1 informaci\u00f3n relativa al proceso de autoevaluaci\u00f3n de carreras de grado.\" \/>\n<meta name=\"robots\" content=\"index, follow, max-snippet:-1, max-image-preview:large, max-video-preview:-1\" \/>\n<link rel=\"canonical\" href=\"https:\/\/sp.fica.unsl.edu.ar\/index.php\/capacitacion-para-la-autoevaluacion\/\" \/>\n<meta property=\"og:locale\" content=\"es_ES\" \/>\n<meta property=\"og:type\" content=\"article\" \/>\n<meta property=\"og:title\" content=\"Capacitaci\u00f3n para Autoevaluaci\u00f3n - SP\" \/>\n<meta property=\"og:description\" content=\"La Comisi\u00f3n Nacional de Evaluaci\u00f3n y Acreditaci\u00f3n Universitaria (CONEAU) ha desarrollado una capacitaci\u00f3n virtual asincr\u00f3nica, de acceso abierto, que brindar\u00e1 informaci\u00f3n relativa al proceso de autoevaluaci\u00f3n de carreras de grado.\" \/>\n<meta property=\"og:url\" content=\"https:\/\/sp.fica.unsl.edu.ar\/index.php\/capacitacion-para-la-autoevaluacion\/\" \/>\n<meta property=\"og:site_name\" content=\"SP\" \/>\n<meta property=\"article:published_time\" content=\"2022-07-04T15:40:28+00:00\" \/>\n<meta property=\"article:modified_time\" content=\"2022-07-04T16:11:40+00:00\" \/>\n<meta property=\"og:image\" content=\"https:\/\/sp.fica.unsl.edu.ar\/wp-content\/uploads\/2022\/07\/logo-horizontal-1070x6601-1-e1656948433191.jpg\" \/>\n\t<meta property=\"og:image:width\" content=\"1070\" \/>\n\t<meta property=\"og:image:height\" content=\"321\" \/>\n\t<meta property=\"og:image:type\" content=\"image\/jpeg\" \/>\n<meta name=\"author\" content=\"DATI\" \/>\n<meta name=\"twitter:card\" content=\"summary_large_image\" \/>\n<meta name=\"twitter:label1\" content=\"Escrito por\" \/>\n\t<meta name=\"twitter:data1\" content=\"DATI\" \/>\n\t<meta name=\"twitter:label2\" content=\"Tiempo de lectura\" \/>\n\t<meta name=\"twitter:data2\" content=\"1 minuto\" \/>\n<script type=\"application\/ld+json\" class=\"yoast-schema-graph\">{\"@context\":\"https:\/\/schema.org\",\"@graph\":[{\"@type\":\"Article\",\"@id\":\"https:\/\/sp.fica.unsl.edu.ar\/index.php\/capacitacion-para-la-autoevaluacion\/#article\",\"isPartOf\":{\"@id\":\"https:\/\/sp.fica.unsl.edu.ar\/index.php\/capacitacion-para-la-autoevaluacion\/\"},\"author\":{\"name\":\"DATI\",\"@id\":\"https:\/\/sp.fica.unsl.edu.ar\/#\/schema\/person\/572d28c1cadb6c22daa2c8d1eb989a3a\"},\"headline\":\"Capacitaci\u00f3n para Autoevaluaci\u00f3n\",\"datePublished\":\"2022-07-04T15:40:28+00:00\",\"dateModified\":\"2022-07-04T16:11:40+00:00\",\"mainEntityOfPage\":{\"@id\":\"https:\/\/sp.fica.unsl.edu.ar\/index.php\/capacitacion-para-la-autoevaluacion\/\"},\"wordCount\":118,\"publisher\":{\"@id\":\"https:\/\/sp.fica.unsl.edu.ar\/#organization\"},\"image\":{\"@id\":\"https:\/\/sp.fica.unsl.edu.ar\/index.php\/capacitacion-para-la-autoevaluacion\/#primaryimage\"},\"thumbnailUrl\":\"https:\/\/sp.fica.unsl.edu.ar\/wp-content\/uploads\/2022\/07\/logo-horizontal-1070x6601-1-e1656948433191.jpg\",\"keywords\":[\"Acreditaci\u00f3n\",\"Autoevaluaci\u00f3n\",\"CONEAU\",\"Grado\"],\"articleSection\":[\"Novedades\"],\"inLanguage\":\"es-AR\"},{\"@type\":\"WebPage\",\"@id\":\"https:\/\/sp.fica.unsl.edu.ar\/index.php\/capacitacion-para-la-autoevaluacion\/\",\"url\":\"https:\/\/sp.fica.unsl.edu.ar\/index.php\/capacitacion-para-la-autoevaluacion\/\",\"name\":\"Capacitaci\u00f3n para Autoevaluaci\u00f3n - SP\",\"isPartOf\":{\"@id\":\"https:\/\/sp.fica.unsl.edu.ar\/#website\"},\"primaryImageOfPage\":{\"@id\":\"https:\/\/sp.fica.unsl.edu.ar\/index.php\/capacitacion-para-la-autoevaluacion\/#primaryimage\"},\"image\":{\"@id\":\"https:\/\/sp.fica.unsl.edu.ar\/index.php\/capacitacion-para-la-autoevaluacion\/#primaryimage\"},\"thumbnailUrl\":\"https:\/\/sp.fica.unsl.edu.ar\/wp-content\/uploads\/2022\/07\/logo-horizontal-1070x6601-1-e1656948433191.jpg\",\"datePublished\":\"2022-07-04T15:40:28+00:00\",\"dateModified\":\"2022-07-04T16:11:40+00:00\",\"description\":\"La Comisi\u00f3n Nacional de Evaluaci\u00f3n y Acreditaci\u00f3n Universitaria (CONEAU) ha desarrollado una capacitaci\u00f3n virtual asincr\u00f3nica, de acceso abierto, que brindar\u00e1 informaci\u00f3n relativa al proceso de autoevaluaci\u00f3n de carreras de grado.\",\"breadcrumb\":{\"@id\":\"https:\/\/sp.fica.unsl.edu.ar\/index.php\/capacitacion-para-la-autoevaluacion\/#breadcrumb\"},\"inLanguage\":\"es-AR\",\"potentialAction\":[{\"@type\":\"ReadAction\",\"target\":[\"https:\/\/sp.fica.unsl.edu.ar\/index.php\/capacitacion-para-la-autoevaluacion\/\"]}]},{\"@type\":\"ImageObject\",\"inLanguage\":\"es-AR\",\"@id\":\"https:\/\/sp.fica.unsl.edu.ar\/index.php\/capacitacion-para-la-autoevaluacion\/#primaryimage\",\"url\":\"https:\/\/sp.fica.unsl.edu.ar\/wp-content\/uploads\/2022\/07\/logo-horizontal-1070x6601-1-e1656948433191.jpg\",\"contentUrl\":\"https:\/\/sp.fica.unsl.edu.ar\/wp-content\/uploads\/2022\/07\/logo-horizontal-1070x6601-1-e1656948433191.jpg\",\"width\":1070,\"height\":321},{\"@type\":\"BreadcrumbList\",\"@id\":\"https:\/\/sp.fica.unsl.edu.ar\/index.php\/capacitacion-para-la-autoevaluacion\/#breadcrumb\",\"itemListElement\":[{\"@type\":\"ListItem\",\"position\":1,\"name\":\"Inicio\",\"item\":\"https:\/\/sp.fica.unsl.edu.ar\/\"},{\"@type\":\"ListItem\",\"position\":2,\"name\":\"Capacitaci\u00f3n para Autoevaluaci\u00f3n\"}]},{\"@type\":\"WebSite\",\"@id\":\"https:\/\/sp.fica.unsl.edu.ar\/#website\",\"url\":\"https:\/\/sp.fica.unsl.edu.ar\/\",\"name\":\"SP\",\"description\":\"Secretar\u00eda de Planeamiento\",\"publisher\":{\"@id\":\"https:\/\/sp.fica.unsl.edu.ar\/#organization\"},\"potentialAction\":[{\"@type\":\"SearchAction\",\"target\":{\"@type\":\"EntryPoint\",\"urlTemplate\":\"https:\/\/sp.fica.unsl.edu.ar\/?s={search_term_string}\"},\"query-input\":{\"@type\":\"PropertyValueSpecification\",\"valueRequired\":true,\"valueName\":\"search_term_string\"}}],\"inLanguage\":\"es-AR\"},{\"@type\":\"Organization\",\"@id\":\"https:\/\/sp.fica.unsl.edu.ar\/#organization\",\"name\":\"Secretar\u00eda de Planeamiento - Facultad de Ingenier\u00eda y Ciencias Agropecuarias\",\"url\":\"https:\/\/sp.fica.unsl.edu.ar\/\",\"logo\":{\"@type\":\"ImageObject\",\"inLanguage\":\"es-AR\",\"@id\":\"https:\/\/sp.fica.unsl.edu.ar\/#\/schema\/logo\/image\/\",\"url\":\"https:\/\/sp.fica.unsl.edu.ar\/wp-content\/uploads\/2022\/02\/logo-SP.png\",\"contentUrl\":\"https:\/\/sp.fica.unsl.edu.ar\/wp-content\/uploads\/2022\/02\/logo-SP.png\",\"width\":4483,\"height\":1231,\"caption\":\"Secretar\u00eda de Planeamiento - Facultad de Ingenier\u00eda y Ciencias Agropecuarias\"},\"image\":{\"@id\":\"https:\/\/sp.fica.unsl.edu.ar\/#\/schema\/logo\/image\/\"}},{\"@type\":\"Person\",\"@id\":\"https:\/\/sp.fica.unsl.edu.ar\/#\/schema\/person\/572d28c1cadb6c22daa2c8d1eb989a3a\",\"name\":\"DATI\",\"image\":{\"@type\":\"ImageObject\",\"inLanguage\":\"es-AR\",\"@id\":\"https:\/\/sp.fica.unsl.edu.ar\/#\/schema\/person\/image\/\",\"url\":\"https:\/\/secure.gravatar.com\/avatar\/d725ab6835036e87f3114b045f243dbdae644afaae5e3dcf9493eef3b3173e72?s=96&d=mm&r=g\",\"contentUrl\":\"https:\/\/secure.gravatar.com\/avatar\/d725ab6835036e87f3114b045f243dbdae644afaae5e3dcf9493eef3b3173e72?s=96&d=mm&r=g\",\"caption\":\"DATI\"},\"url\":\"https:\/\/sp.fica.unsl.edu.ar\/index.php\/author\/sistemasdati\/\"}]}<\/script>\n<!-- \/ Yoast SEO plugin. -->","yoast_head_json":{"title":"Capacitaci\u00f3n para Autoevaluaci\u00f3n - SP","description":"La Comisi\u00f3n Nacional de Evaluaci\u00f3n y Acreditaci\u00f3n Universitaria (CONEAU) ha desarrollado una capacitaci\u00f3n virtual asincr\u00f3nica, de acceso abierto, que brindar\u00e1 informaci\u00f3n relativa al proceso de autoevaluaci\u00f3n de carreras de grado.","robots":{"index":"index","follow":"follow","max-snippet":"max-snippet:-1","max-image-preview":"max-image-preview:large","max-video-preview":"max-video-preview:-1"},"canonical":"https:\/\/sp.fica.unsl.edu.ar\/index.php\/capacitacion-para-la-autoevaluacion\/","og_locale":"es_ES","og_type":"article","og_title":"Capacitaci\u00f3n para Autoevaluaci\u00f3n - SP","og_description":"La Comisi\u00f3n Nacional de Evaluaci\u00f3n y Acreditaci\u00f3n Universitaria (CONEAU) ha desarrollado una capacitaci\u00f3n virtual asincr\u00f3nica, de acceso abierto, que brindar\u00e1 informaci\u00f3n relativa al proceso de autoevaluaci\u00f3n de carreras de grado.","og_url":"https:\/\/sp.fica.unsl.edu.ar\/index.php\/capacitacion-para-la-autoevaluacion\/","og_site_name":"SP","article_published_time":"2022-07-04T15:40:28+00:00","article_modified_time":"2022-07-04T16:11:40+00:00","og_image":[{"width":1070,"height":321,"url":"https:\/\/sp.fica.unsl.edu.ar\/wp-content\/uploads\/2022\/07\/logo-horizontal-1070x6601-1-e1656948433191.jpg","type":"image\/jpeg"}],"author":"DATI","twitter_card":"summary_large_image","twitter_misc":{"Escrito por":"DATI","Tiempo de lectura":"1 minuto"},"schema":{"@context":"https:\/\/schema.org","@graph":[{"@type":"Article","@id":"https:\/\/sp.fica.unsl.edu.ar\/index.php\/capacitacion-para-la-autoevaluacion\/#article","isPartOf":{"@id":"https:\/\/sp.fica.unsl.edu.ar\/index.php\/capacitacion-para-la-autoevaluacion\/"},"author":{"name":"DATI","@id":"https:\/\/sp.fica.unsl.edu.ar\/#\/schema\/person\/572d28c1cadb6c22daa2c8d1eb989a3a"},"headline":"Capacitaci\u00f3n para Autoevaluaci\u00f3n","datePublished":"2022-07-04T15:40:28+00:00","dateModified":"2022-07-04T16:11:40+00:00","mainEntityOfPage":{"@id":"https:\/\/sp.fica.unsl.edu.ar\/index.php\/capacitacion-para-la-autoevaluacion\/"},"wordCount":118,"publisher":{"@id":"https:\/\/sp.fica.unsl.edu.ar\/#organization"},"image":{"@id":"https:\/\/sp.fica.unsl.edu.ar\/index.php\/capacitacion-para-la-autoevaluacion\/#primaryimage"},"thumbnailUrl":"https:\/\/sp.fica.unsl.edu.ar\/wp-content\/uploads\/2022\/07\/logo-horizontal-1070x6601-1-e1656948433191.jpg","keywords":["Acreditaci\u00f3n","Autoevaluaci\u00f3n","CONEAU","Grado"],"articleSection":["Novedades"],"inLanguage":"es-AR"},{"@type":"WebPage","@id":"https:\/\/sp.fica.unsl.edu.ar\/index.php\/capacitacion-para-la-autoevaluacion\/","url":"https:\/\/sp.fica.unsl.edu.ar\/index.php\/capacitacion-para-la-autoevaluacion\/","name":"Capacitaci\u00f3n para Autoevaluaci\u00f3n - SP","isPartOf":{"@id":"https:\/\/sp.fica.unsl.edu.ar\/#website"},"primaryImageOfPage":{"@id":"https:\/\/sp.fica.unsl.edu.ar\/index.php\/capacitacion-para-la-autoevaluacion\/#primaryimage"},"image":{"@id":"https:\/\/sp.fica.unsl.edu.ar\/index.php\/capacitacion-para-la-autoevaluacion\/#primaryimage"},"thumbnailUrl":"https:\/\/sp.fica.unsl.edu.ar\/wp-content\/uploads\/2022\/07\/logo-horizontal-1070x6601-1-e1656948433191.jpg","datePublished":"2022-07-04T15:40:28+00:00","dateModified":"2022-07-04T16:11:40+00:00","description":"La Comisi\u00f3n Nacional de Evaluaci\u00f3n y Acreditaci\u00f3n Universitaria (CONEAU) ha desarrollado una capacitaci\u00f3n virtual asincr\u00f3nica, de acceso abierto, que brindar\u00e1 informaci\u00f3n relativa al proceso de autoevaluaci\u00f3n de carreras de grado.","breadcrumb":{"@id":"https:\/\/sp.fica.unsl.edu.ar\/index.php\/capacitacion-para-la-autoevaluacion\/#breadcrumb"},"inLanguage":"es-AR","potentialAction":[{"@type":"ReadAction","target":["https:\/\/sp.fica.unsl.edu.ar\/index.php\/capacitacion-para-la-autoevaluacion\/"]}]},{"@type":"ImageObject","inLanguage":"es-AR","@id":"https:\/\/sp.fica.unsl.edu.ar\/index.php\/capacitacion-para-la-autoevaluacion\/#primaryimage","url":"https:\/\/sp.fica.unsl.edu.ar\/wp-content\/uploads\/2022\/07\/logo-horizontal-1070x6601-1-e1656948433191.jpg","contentUrl":"https:\/\/sp.fica.unsl.edu.ar\/wp-content\/uploads\/2022\/07\/logo-horizontal-1070x6601-1-e1656948433191.jpg","width":1070,"height":321},{"@type":"BreadcrumbList","@id":"https:\/\/sp.fica.unsl.edu.ar\/index.php\/capacitacion-para-la-autoevaluacion\/#breadcrumb","itemListElement":[{"@type":"ListItem","position":1,"name":"Inicio","item":"https:\/\/sp.fica.unsl.edu.ar\/"},{"@type":"ListItem","position":2,"name":"Capacitaci\u00f3n para Autoevaluaci\u00f3n"}]},{"@type":"WebSite","@id":"https:\/\/sp.fica.unsl.edu.ar\/#website","url":"https:\/\/sp.fica.unsl.edu.ar\/","name":"SP","description":"Secretar\u00eda de Planeamiento","publisher":{"@id":"https:\/\/sp.fica.unsl.edu.ar\/#organization"},"potentialAction":[{"@type":"SearchAction","target":{"@type":"EntryPoint","urlTemplate":"https:\/\/sp.fica.unsl.edu.ar\/?s={search_term_string}"},"query-input":{"@type":"PropertyValueSpecification","valueRequired":true,"valueName":"search_term_string"}}],"inLanguage":"es-AR"},{"@type":"Organization","@id":"https:\/\/sp.fica.unsl.edu.ar\/#organization","name":"Secretar\u00eda de Planeamiento - Facultad de Ingenier\u00eda y Ciencias Agropecuarias","url":"https:\/\/sp.fica.unsl.edu.ar\/","logo":{"@type":"ImageObject","inLanguage":"es-AR","@id":"https:\/\/sp.fica.unsl.edu.ar\/#\/schema\/logo\/image\/","url":"https:\/\/sp.fica.unsl.edu.ar\/wp-content\/uploads\/2022\/02\/logo-SP.png","contentUrl":"https:\/\/sp.fica.unsl.edu.ar\/wp-content\/uploads\/2022\/02\/logo-SP.png","width":4483,"height":1231,"caption":"Secretar\u00eda de Planeamiento - Facultad de Ingenier\u00eda y Ciencias Agropecuarias"},"image":{"@id":"https:\/\/sp.fica.unsl.edu.ar\/#\/schema\/logo\/image\/"}},{"@type":"Person","@id":"https:\/\/sp.fica.unsl.edu.ar\/#\/schema\/person\/572d28c1cadb6c22daa2c8d1eb989a3a","name":"DATI","image":{"@type":"ImageObject","inLanguage":"es-AR","@id":"https:\/\/sp.fica.unsl.edu.ar\/#\/schema\/person\/image\/","url":"https:\/\/secure.gravatar.com\/avatar\/d725ab6835036e87f3114b045f243dbdae644afaae5e3dcf9493eef3b3173e72?s=96&d=mm&r=g","contentUrl":"https:\/\/secure.gravatar.com\/avatar\/d725ab6835036e87f3114b045f243dbdae644afaae5e3dcf9493eef3b3173e72?s=96&d=mm&r=g","caption":"DATI"},"url":"https:\/\/sp.fica.unsl.edu.ar\/index.php\/author\/sistemasdati\/"}]}},"_links":{"self":[{"href":"https:\/\/sp.fica.unsl.edu.ar\/index.php\/wp-json\/wp\/v2\/posts\/1032","targetHints":{"allow":["GET"]}}],"collection":[{"href":"https:\/\/sp.fica.unsl.edu.ar\/index.php\/wp-json\/wp\/v2\/posts"}],"about":[{"href":"https:\/\/sp.fica.unsl.edu.ar\/index.php\/wp-json\/wp\/v2\/types\/post"}],"author":[{"embeddable":true,"href":"https:\/\/sp.fica.unsl.edu.ar\/index.php\/wp-json\/wp\/v2\/users\/4"}],"replies":[{"embeddable":true,"href":"https:\/\/sp.fica.unsl.edu.ar\/index.php\/wp-json\/wp\/v2\/comments?post=1032"}],"version-history":[{"count":16,"href":"https:\/\/sp.fica.unsl.edu.ar\/index.php\/wp-json\/wp\/v2\/posts\/1032\/revisions"}],"predecessor-version":[{"id":1055,"href":"https:\/\/sp.fica.unsl.edu.ar\/index.php\/wp-json\/wp\/v2\/posts\/1032\/revisions\/1055"}],"wp:featuredmedia":[{"embeddable":true,"href":"https:\/\/sp.fica.unsl.edu.ar\/index.php\/wp-json\/wp\/v2\/media\/1033"}],"wp:attachment":[{"href":"https:\/\/sp.fica.unsl.edu.ar\/index.php\/wp-json\/wp\/v2\/media?parent=1032"}],"wp:term":[{"taxonomy":"category","embeddable":true,"href":"https:\/\/sp.fica.unsl.edu.ar\/index.php\/wp-json\/wp\/v2\/categories?post=1032"},{"taxonomy":"post_tag","embeddable":true,"href":"https:\/\/sp.fica.unsl.edu.ar\/index.php\/wp-json\/wp\/v2\/tags?post=1032"}],"curies":[{"name":"wp","href":"https:\/\/api.w.org\/{rel}","templated":true}]}}